{"id":717,"date":"2017-10-15T12:00:26","date_gmt":"2017-10-15T10:00:26","guid":{"rendered":"https:\/\/klm-international.info\/?p=717"},"modified":"2018-08-06T10:21:30","modified_gmt":"2018-08-06T08:21:30","slug":"internationale-muensterlaenderpruefung-2017-in-wolframs-eschenbach","status":"publish","type":"post","link":"https:\/\/klm-international.info\/de\/internationale-muensterlaenderpruefung-2017-in-wolframs-eschenbach\/","title":{"rendered":"Internationale M\u00fcnsterl\u00e4nderpr\u00fcfung 2017 in Wolframs-Eschenbach"},"content":{"rendered":"<p><em>von Ernst Zeimetz<\/em><\/p>\n<figure id=\"attachment_718\" aria-describedby=\"caption-attachment-718\" style=\"width: 605px\" class=\"wp-caption alignright\"><img loading=\"lazy\" decoding=\"async\" class=\"wp-image-718 size-large\" src=\"https:\/\/klm-international.info\/media\/2018\/08\/Wolframs-Eschenbach-1024x680.jpg\" alt=\"\" width=\"605\" height=\"402\" srcset=\"https:\/\/klm-international.info\/media\/2018\/08\/Wolframs-Eschenbach-1024x680.jpg 1024w, https:\/\/klm-international.info\/media\/2018\/08\/Wolframs-Eschenbach-150x100.jpg 150w, https:\/\/klm-international.info\/media\/2018\/08\/Wolframs-Eschenbach-300x199.jpg 300w, https:\/\/klm-international.info\/media\/2018\/08\/Wolframs-Eschenbach-768x510.jpg 768w, https:\/\/klm-international.info\/media\/2018\/08\/Wolframs-Eschenbach-100x66.jpg 100w, https:\/\/klm-international.info\/media\/2018\/08\/Wolframs-Eschenbach-200x133.jpg 200w, https:\/\/klm-international.info\/media\/2018\/08\/Wolframs-Eschenbach-450x299.jpg 450w, https:\/\/klm-international.info\/media\/2018\/08\/Wolframs-Eschenbach-600x398.jpg 600w, https:\/\/klm-international.info\/media\/2018\/08\/Wolframs-Eschenbach-900x598.jpg 900w, https:\/\/klm-international.info\/media\/2018\/08\/Wolframs-Eschenbach.jpg 1402w\" sizes=\"auto, (max-width: 605px) 100vw, 605px\" \/><figcaption id=\"caption-attachment-718\" class=\"wp-caption-text\">Wolframs-Eschenbach mit seiner historischen Altstadt und dem markanten weithin sichtbaren Turm der katholischen Kirche<\/figcaption><\/figure>\n<p>\nDas malerische St\u00e4dtchen Wolframs-Eschenbach mit seiner historischen Altstadt und dem markanten weithin sichtbaren Turm der katholischen Kirche hatte sich die gro\u00dfe weltweite Kleine- M\u00fcnsterl\u00e4nder-Familie zur Austragung der Internationalen M\u00fcnsterl\u00e4nderpr\u00fcfung in den Varianten A und B vom 12. bis 15. Oktober 2017 ausgesucht.<\/p>\n<p>\nVorbereitet und ausgerichtet wurde sie von der deutschen Landesgruppe Nordbayern unter ihrem Vorsitzenden Gerhart Sch\u00e4fer und dem Organisationsleiter vor Ort Erwin Steinbauer.<br \/>\nGemeldet hatten insgesamt 16 Gespanne, jeweils acht f\u00fcr die IMP A und IMP B. Die Gespanne kamen aus Deutschland, Niederlande, D\u00e4nemark und Schweden.<\/p>\n<p>W\u00e4hrend f\u00fcr die IMP A Hunde zugelassen werden, die bereits die nationalen Zuchtvoraussetzungen haben, kann die IMP B als Leistungsanlagenpr\u00fcfung ohne vorangegangene Zuchtzulassung absolviert werden. In der B-Variante werden VJP und HZP in einer Leistungspr\u00fcfung zusammengefasst. Mit ihrem Bestehen erlangt man f\u00fcr das KlM-Mutterland Deutschland eine wesentliche Zuchtvoraussetzung. Ziel ist es, dies auch auf internationaler Ebene zu erreichen, weil hier die Zuchtvoraussetzungen noch teilweise sehr unterschiedlich sind. Auf einem Level liegen derzeit neben Deutschland nur \u00d6sterreich und die tschechische Republik.<\/p>\n<p>\u2026<\/p>\n<p>Sch\u00f6nster Hund und damit Sieger der Zuchtschau war nach Meinung der Jury Aura vom Pulvermaar. Sieger der IMP-A war die H\u00fcndin Aura vom Pulvermaar mit 808 Punkten, gef\u00fchrt von Petra Etges aus der KlM- Landesgruppe Saar-Rhein-Pfalz e.V. Bei der IMP-B war der Gro\u00dfe M\u00fcnsterl\u00e4nder Aik vom Forchenh\u00fcgel mit 516 Punkten, gef\u00fchrt von Daniel Reitberger aus Au\u00dfernzell, als bester Hund erfolgreich.<\/p>\n<p>\u2026<\/p>\n<p>&nbsp;<\/p>\n<figure id=\"attachment_728\" aria-describedby=\"caption-attachment-728\" style=\"width: 300px\" class=\"wp-caption alignleft\"><a href=\"https:\/\/klm-international.info\/media\/2017\/10\/IMP-A-2017-Richtergruppe.jpg\"><img loading=\"lazy\" decoding=\"async\" class=\"wp-image-728 size-medium\" src=\"https:\/\/klm-international.info\/media\/2017\/10\/IMP-A-2017-Richtergruppe-300x169.jpg\" alt=\"\" width=\"300\" height=\"169\" srcset=\"https:\/\/klm-international.info\/media\/2017\/10\/IMP-A-2017-Richtergruppe-300x169.jpg 300w, https:\/\/klm-international.info\/media\/2017\/10\/IMP-A-2017-Richtergruppe-150x84.jpg 150w, https:\/\/klm-international.info\/media\/2017\/10\/IMP-A-2017-Richtergruppe-768x432.jpg 768w, https:\/\/klm-international.info\/media\/2017\/10\/IMP-A-2017-Richtergruppe-1024x576.jpg 1024w, https:\/\/klm-international.info\/media\/2017\/10\/IMP-A-2017-Richtergruppe-100x56.jpg 100w, https:\/\/klm-international.info\/media\/2017\/10\/IMP-A-2017-Richtergruppe-200x113.jpg 200w, https:\/\/klm-international.info\/media\/2017\/10\/IMP-A-2017-Richtergruppe-450x253.jpg 450w, https:\/\/klm-international.info\/media\/2017\/10\/IMP-A-2017-Richtergruppe-600x338.jpg 600w, https:\/\/klm-international.info\/media\/2017\/10\/IMP-A-2017-Richtergruppe-900x507.jpg 900w, https:\/\/klm-international.info\/media\/2017\/10\/IMP-A-2017-Richtergruppe.jpg 1032w\" sizes=\"auto, (max-width: 300px) 100vw, 300px\" \/><\/a><figcaption id=\"caption-attachment-728\" class=\"wp-caption-text\">Die drei besten Hunde der IMP-A mit ihren F\u00fchrern und der Richtergruppe<\/figcaption><\/figure>\n<p>Bei gutem bayrischen Speis und Trank, gem\u00fctlichem Beisammensein mit interessanten Tischgespr\u00e4chen endeten die anspruchsvollen Pr\u00fcfungstage. Die Internationale M\u00fcnsterl\u00e4nderpr\u00fcfung 2018 wird voraussichtlich von der Landesgruppe Saar- Rhein-Pfalz ausgerichtet.<\/p>\n<p>&nbsp;<\/p>\n<p>&nbsp;<\/p>\n<p>&nbsp;<\/p>\n<p>&nbsp;<\/p>\n<p>&nbsp;<\/p>\n<h3>Vollst\u00e4ndiger Bericht<\/h3>\n<ul>\n<li><a href=\"https:\/\/klm-international.info\/media\/2017\/10\/IMP-2017-Bericht.pdf\" target=\"_blank\" rel=\"noopener\">IMP 2017 Bericht PDF<\/a>\u00a0<\/li>\n<\/ul>\n<div class=\"page\" title=\"Page 4\">\n<div class=\"layoutArea\">\n<div class=\"column\">\n<h3>Einzelergebnisse:<\/h3>\n<ul>\n<li><a href=\"https:\/\/klm-international.info\/media\/2017\/03\/IMP-A-2017-Ergebnisse.pdf\" target=\"_blank\" rel=\"noopener\">IMP A 2017<\/a><\/li>\n<li><a href=\"https:\/\/klm-international.info\/media\/2017\/03\/IMP-B-2017-Ergebnisse.pdf\" target=\"_blank\" rel=\"noopener\">IMP B 2017<\/a><\/li>\n<\/ul>\n<\/div>\n<p>&nbsp;<\/p>\n<\/div>\n<\/div>\n","protected":false},"excerpt":{"rendered":"<p>von Ernst Zeimetz Das malerische St\u00e4dtchen Wolframs-Eschenbach mit seiner historischen Altstadt und dem markanten weithin sichtbaren Turm der katholischen Kirche hatte sich die gro\u00dfe weltweite Kleine- M\u00fcnsterl\u00e4nder-Familie zur Austragung der Internationalen M\u00fcnsterl\u00e4nderpr\u00fcfung in den Varianten A und B vom 12. bis 15. Oktober 2017 ausgesucht. Vorbereitet und ausgerichtet wurde sie von der deutschen Landesgruppe Nordbayern [&hellip;]<\/p>\n","protected":false},"author":1,"featured_media":0,"comment_status":"closed","ping_status":"open","sticky":false,"template":"","format":"standard","meta":{"_exactmetrics_skip_tracking":false,"_exactmetrics_sitenote_active":false,"_exactmetrics_sitenote_note":"","_exactmetrics_sitenote_category":0,"footnotes":""},"categories":[10],"tags":[],"class_list":["post-717","post","type-post","status-publish","format-standard","hentry","category-berichte-der-imp"],"publishpress_future_action":{"enabled":false,"date":"2026-05-08 21:36:09","action":"category","newStatus":"draft","terms":[],"taxonomy":"category","extraData":[]},"publishpress_future_workflow_manual_trigger":{"enabledWorkflows":[]},"_links":{"self":[{"href":"https:\/\/klm-international.info\/de\/wp-json\/wp\/v2\/posts\/717","targetHints":{"allow":["GET"]}}],"collection":[{"href":"https:\/\/klm-international.info\/de\/wp-json\/wp\/v2\/posts"}],"about":[{"href":"https:\/\/klm-international.info\/de\/wp-json\/wp\/v2\/types\/post"}],"author":[{"embeddable":true,"href":"https:\/\/klm-international.info\/de\/wp-json\/wp\/v2\/users\/1"}],"replies":[{"embeddable":true,"href":"https:\/\/klm-international.info\/de\/wp-json\/wp\/v2\/comments?post=717"}],"version-history":[{"count":7,"href":"https:\/\/klm-international.info\/de\/wp-json\/wp\/v2\/posts\/717\/revisions"}],"predecessor-version":[{"id":733,"href":"https:\/\/klm-international.info\/de\/wp-json\/wp\/v2\/posts\/717\/revisions\/733"}],"wp:attachment":[{"href":"https:\/\/klm-international.info\/de\/wp-json\/wp\/v2\/media?parent=717"}],"wp:term":[{"taxonomy":"category","embeddable":true,"href":"https:\/\/klm-international.info\/de\/wp-json\/wp\/v2\/categories?post=717"},{"taxonomy":"post_tag","embeddable":true,"href":"https:\/\/klm-international.info\/de\/wp-json\/wp\/v2\/tags?post=717"}],"curies":[{"name":"wp","href":"https:\/\/api.w.org\/{rel}","templated":true}]}}